{"id":4888,"date":"2024-06-18T20:46:44","date_gmt":"2024-06-18T18:46:44","guid":{"rendered":"http:\/\/www.ako-airoe.de\/?p=4888"},"modified":"2024-06-18T20:46:44","modified_gmt":"2024-06-18T18:46:44","slug":"auftritt-beim-landes-musik-festival","status":"publish","type":"post","link":"http:\/\/www.ako-airoe.de\/?p=4888","title":{"rendered":"Auftritt beim Landes-Musik-Festival"},"content":{"rendered":"\n<p><\/p>\n\n\n\n<figure class=\"wp-block-gallery columns-1 is-cropped\"><ul class=\"blocks-gallery-grid\"><li class=\"blocks-gallery-item\"><figure><img loading=\"lazy\" width=\"2121\" height=\"3000\" src=\"http:\/\/www.ako-airoe.de\/wp-content\/uploads\/2024\/06\/Mottografik-LMF-2024-2-2121x3000.jpg\" alt=\"\" data-id=\"4889\" data-full-url=\"http:\/\/www.ako-airoe.de\/wp-content\/uploads\/2024\/06\/Mottografik-LMF-2024-2-scaled.jpg\" data-link=\"http:\/\/www.ako-airoe.de\/?attachment_id=4889\" class=\"wp-image-4889\" srcset=\"http:\/\/www.ako-airoe.de\/wp-content\/uploads\/2024\/06\/Mottografik-LMF-2024-2-2121x3000.jpg 2121w, http:\/\/www.ako-airoe.de\/wp-content\/uploads\/2024\/06\/Mottografik-LMF-2024-2-212x300.jpg 212w, http:\/\/www.ako-airoe.de\/wp-content\/uploads\/2024\/06\/Mottografik-LMF-2024-2-768x1086.jpg 768w, http:\/\/www.ako-airoe.de\/wp-content\/uploads\/2024\/06\/Mottografik-LMF-2024-2-1086x1536.jpg 1086w, http:\/\/www.ako-airoe.de\/wp-content\/uploads\/2024\/06\/Mottografik-LMF-2024-2-1448x2048.jpg 1448w, http:\/\/www.ako-airoe.de\/wp-content\/uploads\/2024\/06\/Mottografik-LMF-2024-2-scaled.jpg 1810w\" sizes=\"(max-width: 2121px) 100vw, 2121px\" \/><\/figure><\/li><\/ul><\/figure>\n\n\n\n<p>Jedes Jahr kommen tausende Musizierende aus Ch\u00f6ren, Musikvereinen, Orchestern und sonstigen Ensembles auf dem Landes-Musik-Festival zusammen, um sich gegenseitig ihre Musik zu pr\u00e4sentieren und das Publikum mit der breiten musikalischen Vielfalt des Landes zu erfreuen.<br>Rund 3.000 Musikerinnen und Musiker lassen in vielen Konzerten auf zahlreichen B\u00fchnen auf dem Landesgartenschaugel\u00e4nde und in der Altstadt die gesamte Stadt zum Klingen bringen.<\/p>\n\n\n\n<p>Am kommenden Samstag, den 22. Juni 2024 ist es soweit. Wir spielen um 12:15 Uhr gemeinsam mit dem Akkordeonorchester Ki\u00dflegg e.V. f\u00fcr 35 Minuten auf der Sparkassen-Kulturb\u00fchne (B9) bei der Landesgartenschau&nbsp; Wangen im Allg\u00e4u. &nbsp;Gemeinsam werden wir das Publikum mit bekannten St\u00fccken begeistern und freuen uns schon heute \u00fcber zahlreiche Zuh\u00f6rer.<br><br><\/p>\n","protected":false},"excerpt":{"rendered":"<p>Jedes Jahr kommen tausende Musizierende aus Ch\u00f6ren, Musikvereinen, Orchestern und sonstigen Ensembles auf dem Landes-Musik-Festival zusammen, um sich gegenseitig ihre Musik zu pr\u00e4sentieren und das Publikum mit der breiten musikalischen Vielfalt des Landes zu erfreuen.Rund 3.000 Musikerinnen und Musiker lassen in vielen Konzerten auf zahlreichen B\u00fchnen auf dem Landesgartenschaugel\u00e4nde und in der Altstadt die gesamte [&hellip;]<\/p>\n","protected":false},"author":43,"featured_media":0,"comment_status":"open","ping_status":"closed","sticky":false,"template":"","format":"standard","meta":[],"categories":[1],"tags":[],"_links":{"self":[{"href":"http:\/\/www.ako-airoe.de\/index.php?rest_route=\/wp\/v2\/posts\/4888"}],"collection":[{"href":"http:\/\/www.ako-airoe.de\/index.php?rest_route=\/wp\/v2\/posts"}],"about":[{"href":"http:\/\/www.ako-airoe.de\/index.php?rest_route=\/wp\/v2\/types\/post"}],"author":[{"embeddable":true,"href":"http:\/\/www.ako-airoe.de\/index.php?rest_route=\/wp\/v2\/users\/43"}],"replies":[{"embeddable":true,"href":"http:\/\/www.ako-airoe.de\/index.php?rest_route=%2Fwp%2Fv2%2Fcomments&post=4888"}],"version-history":[{"count":2,"href":"http:\/\/www.ako-airoe.de\/index.php?rest_route=\/wp\/v2\/posts\/4888\/revisions"}],"predecessor-version":[{"id":4891,"href":"http:\/\/www.ako-airoe.de\/index.php?rest_route=\/wp\/v2\/posts\/4888\/revisions\/4891"}],"wp:attachment":[{"href":"http:\/\/www.ako-airoe.de\/index.php?rest_route=%2Fwp%2Fv2%2Fmedia&parent=4888"}],"wp:term":[{"taxonomy":"category","embeddable":true,"href":"http:\/\/www.ako-airoe.de\/index.php?rest_route=%2Fwp%2Fv2%2Fcategories&post=4888"},{"taxonomy":"post_tag","embeddable":true,"href":"http:\/\/www.ako-airoe.de\/index.php?rest_route=%2Fwp%2Fv2%2Ftags&post=4888"}],"curies":[{"name":"wp","href":"https:\/\/api.w.org\/{rel}","templated":true}]}}