{"id":4991,"date":"2025-02-10T21:00:15","date_gmt":"2025-02-10T19:00:15","guid":{"rendered":"http:\/\/www.ako-airoe.de\/?p=4991"},"modified":"2025-02-10T21:00:15","modified_gmt":"2025-02-10T19:00:15","slug":"generalversammlung-2025","status":"publish","type":"post","link":"http:\/\/www.ako-airoe.de\/?p=4991","title":{"rendered":"Generalversammlung 2025"},"content":{"rendered":"\n<p>Am Samstag, den 25. Januar 2025, fand die 42. Jahreshauptversammlung in R\u00f6tenberg statt.<\/p>\n\n\n\n<p>In den Berichten von Vorstandschaft, Schriftf\u00fchrerin, Kassier, Jugendleiter und den Dirigenten wurde \u00fcber die Ereignisse und Themen des vergangenen Jahres berichtet.\u00a0<\/p>\n\n\n\n<p>Es waren sich alle einig, dass es wieder ein erfolgreiches und ereignisreiches Jahr war, mit vielen Highlights, darunter u.a. das sehr gelungene Kirchenkonzert in Aichhalden, der Auftritt bei der Landesgartenschau in Wangen im Allg\u00e4u gemeinsam mit dem Akkordeonorchester aus Ki\u00dflegg sowie die zweit\u00e4gige Gewerbeschau in Aichhalden-R\u00f6tenberg.<\/p>\n\n\n\n<p>Seitens der Dirigenten und dem B\u00fcrgermeister, Michael Lehrer, wurde die tolle Zusammenarbeit mit der Vorstandschaft gelobt. \u00a0Der Ausblick auf das laufende Jahr wurde als sehr probenintensiv beschrieben, da mit dem Jahreskonzert am 22. M\u00e4rz 2025, dem Bezirksjugendtreffen am 29. M\u00e4rz 2025, sowie die Teilnahme beim Wertungsspiel in Innsbruck Ende Mai viele musikalische H\u00f6hepunkte anstehen.<\/p>\n\n\n\n<p>F\u00fcr eine weitere zweij\u00e4hrige Amtsperiode stellten sich der Kassier, Thomas Blocher und die Schriftf\u00fchrerin, Beatrix Haas zur Verf\u00fcgung, wie auch die aktiven Ausschussmitglieder Maureen Otto, Bettina Haberer und Bernd Kopp. Auch der Jugendleiter, Moritz Kohler, und die Kassenpr\u00fcferin, Anna Marte, wurden f\u00fcr weitere zwei Jahre gew\u00e4hlt. Die passive Beisitzerin, Simone Petermann, stand nicht mehr zur Wahl. Sie wurde von Susanne Widmaier abgel\u00f6st. Die Jugendvertreterin der AKO-Kids, Sofia Schnell, und der Jugendvertreter der AKO-SoundScouts, Cedrik Widmaier, wurden auf ein Jahr wieder gew\u00e4hlt.<\/p>\n","protected":false},"excerpt":{"rendered":"<p>Am Samstag, den 25. Januar 2025, fand die 42. Jahreshauptversammlung in R\u00f6tenberg statt. In den Berichten von Vorstandschaft, Schriftf\u00fchrerin, Kassier, Jugendleiter und den Dirigenten wurde \u00fcber die Ereignisse und Themen des vergangenen Jahres berichtet.\u00a0 Es waren sich alle einig, dass es wieder ein erfolgreiches und ereignisreiches Jahr war, mit vielen Highlights, darunter u.a. das sehr [&hellip;]<\/p>\n","protected":false},"author":43,"featured_media":0,"comment_status":"open","ping_status":"closed","sticky":false,"template":"","format":"standard","meta":[],"categories":[1],"tags":[],"_links":{"self":[{"href":"http:\/\/www.ako-airoe.de\/index.php?rest_route=\/wp\/v2\/posts\/4991"}],"collection":[{"href":"http:\/\/www.ako-airoe.de\/index.php?rest_route=\/wp\/v2\/posts"}],"about":[{"href":"http:\/\/www.ako-airoe.de\/index.php?rest_route=\/wp\/v2\/types\/post"}],"author":[{"embeddable":true,"href":"http:\/\/www.ako-airoe.de\/index.php?rest_route=\/wp\/v2\/users\/43"}],"replies":[{"embeddable":true,"href":"http:\/\/www.ako-airoe.de\/index.php?rest_route=%2Fwp%2Fv2%2Fcomments&post=4991"}],"version-history":[{"count":1,"href":"http:\/\/www.ako-airoe.de\/index.php?rest_route=\/wp\/v2\/posts\/4991\/revisions"}],"predecessor-version":[{"id":4992,"href":"http:\/\/www.ako-airoe.de\/index.php?rest_route=\/wp\/v2\/posts\/4991\/revisions\/4992"}],"wp:attachment":[{"href":"http:\/\/www.ako-airoe.de\/index.php?rest_route=%2Fwp%2Fv2%2Fmedia&parent=4991"}],"wp:term":[{"taxonomy":"category","embeddable":true,"href":"http:\/\/www.ako-airoe.de\/index.php?rest_route=%2Fwp%2Fv2%2Fcategories&post=4991"},{"taxonomy":"post_tag","embeddable":true,"href":"http:\/\/www.ako-airoe.de\/index.php?rest_route=%2Fwp%2Fv2%2Ftags&post=4991"}],"curies":[{"name":"wp","href":"https:\/\/api.w.org\/{rel}","templated":true}]}}