{"id":5076,"date":"2025-11-02T17:06:08","date_gmt":"2025-11-02T15:06:08","guid":{"rendered":"http:\/\/www.ako-airoe.de\/?p=5076"},"modified":"2025-11-02T17:10:24","modified_gmt":"2025-11-02T15:10:24","slug":"ehrungs-und-staendlenachmittag-2025","status":"publish","type":"post","link":"http:\/\/www.ako-airoe.de\/?p=5076","title":{"rendered":"Ehrungs-\/St\u00e4ndlenachmittag 2025"},"content":{"rendered":"\n<p>Im Oktober 2025 fand beim Akkordeonorchester Aichhalden-R\u00f6tenberg der Ehrungs-und St\u00e4ndlenachmittag in der Festhalle in R\u00f6tenberg statt. Ca. 50 Mitglieder sind der Einladung gefolgt um gemeinsam einen interessanten und erlebnisreichen Nachmittag bei Kaffee und Kuchen sowie musikalischer Unterhaltung der AKO-Kids, AKO-SoundScouts und dem Hauptorchester unter der Leitung von Mario Nortmann zu verbringen.<\/p>\n\n\n\n<p>Die Geburtstagsjubilare durften in den letzten zwei Jahren ihre runden Geburtstage im Kreise ihrer Familien feiern und bekamen nun ihr ganz pers\u00f6nliches St\u00e4ndle in der Festhalle R\u00f6tenberg vom Verein.<\/p>\n\n\n\n<figure class=\"wp-block-image size-large is-resized\"><img loading=\"lazy\" src=\"http:\/\/www.ako-airoe.de\/wp-content\/uploads\/2025\/11\/2025_10_19_Geburtstagsjubilare-3000x1840.jpg\" alt=\"\" class=\"wp-image-5077\" width=\"350\" height=\"214\" srcset=\"http:\/\/www.ako-airoe.de\/wp-content\/uploads\/2025\/11\/2025_10_19_Geburtstagsjubilare-3000x1840.jpg 3000w, http:\/\/www.ako-airoe.de\/wp-content\/uploads\/2025\/11\/2025_10_19_Geburtstagsjubilare-300x184.jpg 300w, http:\/\/www.ako-airoe.de\/wp-content\/uploads\/2025\/11\/2025_10_19_Geburtstagsjubilare-768x471.jpg 768w, http:\/\/www.ako-airoe.de\/wp-content\/uploads\/2025\/11\/2025_10_19_Geburtstagsjubilare-1536x942.jpg 1536w, http:\/\/www.ako-airoe.de\/wp-content\/uploads\/2025\/11\/2025_10_19_Geburtstagsjubilare-2048x1256.jpg 2048w\" sizes=\"(max-width: 350px) 100vw, 350px\" \/><\/figure>\n\n\n\n<p><\/p>\n\n\n\n<p>DHV-Ehrungen<\/p>\n\n\n\n<p>F\u00fcr 10 Jahre aktiv wurde Janina Maier geehrt. Sie unterst\u00fctzt im Hauptorchester die dritte Stimme und war von 2019 bis 2020 Jugendleiterin. Zum Dank und zur Anerkennung wurde ihr eine Urkunde und die DHV Nadel Silber \u00fcberreicht.<\/p>\n\n\n\n<p>F\u00fcr 30 Jahre aktiv wurden Manuela Kieninger, Stefanie Schnell und Sylvia Sieber geehrt. Manuela Kieninger war im Ausschuss als Schriftf\u00fchrerin von 2003 bis 2018 und von 2018 bis 2023 als aktive Beisitzerin. Ihre Leidenschaft ist bis heute noch das Sternenst\u00fcble am Sternenzauber. Als Spielerin in der ersten Stimme ist sie unverzichtbar.<\/p>\n\n\n\n<p>Stefanie Schnell war von 2000 bis 2005 Jugendvertreterin, 2005-2009 Jugendleiterin und von 2014 bis 2022 im Vorstandsgremium t\u00e4tig. Sie unterst\u00fctzt seit Jahren die tolle Jugendarbeit im Verein, ist immer da wo man sie braucht und verw\u00f6hnt auf der ein oder anderen Veranstaltung die Besucher mit ihren Cr\u00eapes.<\/p>\n\n\n\n<p>Sylvia Sieber war von 2008 bis 2014 die Sprecherin des Vorstandsgremiums und von 2016 bis 2023 hatte sie die Kasse des Vereins in ihrer Hand. Spielerisch unterst\u00fctzt sie seit Jahren die dritte Stimme.<\/p>\n\n\n\n<p>Herr Hug lobte Manuela Kieninger, Stefanie Schnell und Sylvia Sieber f\u00fcr ihre 30-J\u00e4hrige aktive Zeit und \u00fcberreichte ihnen eine Urkunde und die Ehrennadel in Gold.<\/p>\n\n\n\n<figure class=\"wp-block-image size-large is-resized\"><img loading=\"lazy\" src=\"http:\/\/www.ako-airoe.de\/wp-content\/uploads\/2025\/11\/2025_10_19_DHV_Ehrungen-3000x1640.jpg\" alt=\"\" class=\"wp-image-5080\" width=\"357\" height=\"195\" srcset=\"http:\/\/www.ako-airoe.de\/wp-content\/uploads\/2025\/11\/2025_10_19_DHV_Ehrungen-3000x1640.jpg 3000w, http:\/\/www.ako-airoe.de\/wp-content\/uploads\/2025\/11\/2025_10_19_DHV_Ehrungen-300x164.jpg 300w, http:\/\/www.ako-airoe.de\/wp-content\/uploads\/2025\/11\/2025_10_19_DHV_Ehrungen-768x420.jpg 768w, http:\/\/www.ako-airoe.de\/wp-content\/uploads\/2025\/11\/2025_10_19_DHV_Ehrungen-1536x840.jpg 1536w, http:\/\/www.ako-airoe.de\/wp-content\/uploads\/2025\/11\/2025_10_19_DHV_Ehrungen-2048x1120.jpg 2048w\" sizes=\"(max-width: 357px) 100vw, 357px\" \/><\/figure>\n\n\n\n<p><\/p>\n\n\n\n<p>25 Jahre aktiv\/passiv<\/p>\n\n\n\n<p>F\u00fcr 25 Jahre passive Mitgliedschaft wurden Erika Sekinger und Stefanie Sekinger geehrt. Stefanie Sekinger hat \u00fcber 5 Jahre das Sch\u00fcler-u. Hauptorchester unterst\u00fctzt, bis es ihr aufgrund des neuen Arbeitsplatzes nicht mehr m\u00f6glich war, die Proben in Aichhalden zu besuchen. Doch auch heute h\u00e4lt sie noch Kontakt zum Orchester. Bei Erika Sekinger durfte der Verein \u00fcber Jahre in ihrem Schuppen ein gro\u00dfer Teil der Dorffestutensilien unterbringen, wor\u00fcber der Verein ihr heute noch dankbar ist.<\/p>\n\n\n\n<p>F\u00fcr 25 Jahre aktive Mitgliedschaft wurden Beatrix Haas und Yvonne Haberer von den Vorst\u00e4nden geehrt. Beide starteten ihre musikalische Laufbahn mit dem Unterricht, sp\u00e4ter ging`s ins Sch\u00fclerorchester, wo sie bereits zusammen mit dem&nbsp; Hauptorchester viele Highlights erleben durften. Sp\u00e4ter erfolgte dann der musikalische \u00dcbergang ins Hauptorchester, welches von beiden bis heute unterst\u00fctzt wird. Auch im Ausschuss haben die zwei schon Aufgaben \u00fcbernommen. Beatrix Haas war von 2003 bis 2009 Jugendvertreterin und ist seit 2019 die Schriftf\u00fchrerin des Vereins.<\/p>\n\n\n\n<p>Yvonne Haberer war von 2014 bis 2024 im Vorstandsgremium t\u00e4tig. Sie entwickelte eine Leidenschaft f\u00fcr Bilder, Videos und neue kreative Einf\u00e4lle f\u00fcr jegliche Veranstaltungen des Vereins. Auch seit ihrem Ausscheide im Ausschuss kann auf sie noch zur\u00fcckgegriffen werden.<\/p>\n\n\n\n<p>Von den Vorst\u00e4nden bekamen die geehrten eine Urkunde sowie ein Pr\u00e4sent als kleines Dankesch\u00f6n \u00fcberreicht.<\/p>\n\n\n\n<figure class=\"wp-block-image size-large is-resized\"><img loading=\"lazy\" src=\"http:\/\/www.ako-airoe.de\/wp-content\/uploads\/2025\/11\/2025_10_19_25_Jahre_aktiv_passiv-3000x1739.jpg\" alt=\"\" class=\"wp-image-5081\" width=\"354\" height=\"205\" srcset=\"http:\/\/www.ako-airoe.de\/wp-content\/uploads\/2025\/11\/2025_10_19_25_Jahre_aktiv_passiv-3000x1739.jpg 3000w, http:\/\/www.ako-airoe.de\/wp-content\/uploads\/2025\/11\/2025_10_19_25_Jahre_aktiv_passiv-300x174.jpg 300w, http:\/\/www.ako-airoe.de\/wp-content\/uploads\/2025\/11\/2025_10_19_25_Jahre_aktiv_passiv-768x445.jpg 768w, http:\/\/www.ako-airoe.de\/wp-content\/uploads\/2025\/11\/2025_10_19_25_Jahre_aktiv_passiv-1536x890.jpg 1536w, http:\/\/www.ako-airoe.de\/wp-content\/uploads\/2025\/11\/2025_10_19_25_Jahre_aktiv_passiv-2048x1187.jpg 2048w\" sizes=\"(max-width: 354px) 100vw, 354px\" \/><\/figure>\n\n\n\n<p><\/p>\n\n\n\n<p>Ehrenmitglieder passiv<\/p>\n\n\n\n<p>Die Vorst\u00e4nde Silke Herzog und Oliver Ginter bedankten sich bei vielen passiven Mitgliedern f\u00fcr ihre \u00fcber 40 j\u00e4hrige Unterst\u00fctzung im Verein. Sei es durch Arbeitsdienste, Besuche der Veranstaltungen oder auch den j\u00e4hrlichen Mitgliedsbeitrag gewesen. Viele von den zu Ehrenden hatten zudem in den Anfangszeiten des Vereins musikalisch mitgewirkt. Eine kleine Fragerunde mit einzelnen Mitgliedern hat so manchen Einblick in die Geschichte des Vereins gebracht, wie z.B. Gerhard Fuchs hat mir Springerle gebacken, so dass ich die M\u00f6glichkeit hatte mit zum World Music Festival nach Innsbruck zu gehen. Die Vorst\u00e4nde gratulierten allen Anwesenden zur Ehrenmitgliedschaft und \u00fcberreichten eine Urkunde sowie ein kleines Pr\u00e4sent. Auch in Zukunft freut sich der Verein, die neuen Ehrenmitglieder bei den Vereinsveranstaltungen willkommen zu hei\u00dfen.<\/p>\n\n\n\n<figure class=\"wp-block-image size-large is-resized\"><img loading=\"lazy\" src=\"http:\/\/www.ako-airoe.de\/wp-content\/uploads\/2025\/11\/2025_10_19_Ehrenmitglieder_passiv-3000x1593.jpg\" alt=\"\" class=\"wp-image-5078\" width=\"350\" height=\"185\" srcset=\"http:\/\/www.ako-airoe.de\/wp-content\/uploads\/2025\/11\/2025_10_19_Ehrenmitglieder_passiv-3000x1593.jpg 3000w, http:\/\/www.ako-airoe.de\/wp-content\/uploads\/2025\/11\/2025_10_19_Ehrenmitglieder_passiv-300x159.jpg 300w, http:\/\/www.ako-airoe.de\/wp-content\/uploads\/2025\/11\/2025_10_19_Ehrenmitglieder_passiv-768x408.jpg 768w, http:\/\/www.ako-airoe.de\/wp-content\/uploads\/2025\/11\/2025_10_19_Ehrenmitglieder_passiv-1536x816.jpg 1536w, http:\/\/www.ako-airoe.de\/wp-content\/uploads\/2025\/11\/2025_10_19_Ehrenmitglieder_passiv-2048x1087.jpg 2048w\" sizes=\"(max-width: 350px) 100vw, 350px\" \/><\/figure>\n\n\n\n<p><\/p>\n\n\n\n<p>Ehrenmitglieder aktiv<\/p>\n\n\n\n<p>Zum aktiven Ehrenmitglied wurde Nicole Trost ernannt. Sie ist seit mehr als 30 Jahren aktiv im Verein dabei. Sie ist eine feste Gr\u00f6\u00dfe in der dritten Stimme, geh\u00f6rt zu den besten Probebesuchern \u00fcbers Jahr und fehlt fast nie an Auftritten. Auch im Ausschuss ist sie seit Jahren nicht mehr wegzudenken. 1997 bis 2001 war sie Schriftf\u00fchrerin, 2020 bis 2024 aktive Beisitzerin und seit 2024 aktive Beisitzerin mit der Funktion des stellvertretenden Kassiers. Die Vorst\u00e4nde bedankten sich bei Nicole Trost f\u00fcr ihr jahrelanges pers\u00f6nliches Engagement als Spielerin und als Ausschussmitglied&nbsp; und \u00fcberreichten ihr die Ehrenurkunde mit einem kleinen Pr\u00e4sent.<\/p>\n\n\n\n<p>Zum Schluss \u00fcbernahmen Manuela Kieninger und Anja Vollmer die Ehrung f\u00fcr die Vorst\u00e4ndin Silke Herzog. Sie pr\u00e4gt den Verein seit vielen Jahren. Zu Beginn war sie Jugendleiterin, sp\u00e4ter zweite Vorsitzende im Anschluss war sie die Sprecherin des neu gegr\u00fcndeten Vorstandsgremiums. Seit 2019 ist sie wieder an der Spitze des Vereins und hat die F\u00e4den in der Hand. Bei ihr laufen&nbsp; die unterschiedlichsten Sparten des Vereins zusammen, sei es die Absprache mit den Dirigenten, die Organisation von Konzerten oder Ausfl\u00fcgen oder auch die Jugendarbeit. Aber auch spielerisch unterst\u00fctzt Silke Herzog seit Jahren den Verein, derzeit in der vierten Stimme. Manuela Kieninger und Anja Vollmer sprachen Dank und Anerkennung im Namen des Orchesters aus und \u00fcberreichten die Ehrenurkunde mit einem kleinen Pr\u00e4sent.<\/p>\n\n\n\n<figure class=\"wp-block-image size-large is-resized\"><img loading=\"lazy\" src=\"http:\/\/www.ako-airoe.de\/wp-content\/uploads\/2025\/11\/2025_10_19_Ehrenmitglieder_aktiv-3000x1859.jpg\" alt=\"\" class=\"wp-image-5079\" width=\"402\" height=\"249\" srcset=\"http:\/\/www.ako-airoe.de\/wp-content\/uploads\/2025\/11\/2025_10_19_Ehrenmitglieder_aktiv-3000x1859.jpg 3000w, http:\/\/www.ako-airoe.de\/wp-content\/uploads\/2025\/11\/2025_10_19_Ehrenmitglieder_aktiv-300x186.jpg 300w, http:\/\/www.ako-airoe.de\/wp-content\/uploads\/2025\/11\/2025_10_19_Ehrenmitglieder_aktiv-768x476.jpg 768w, http:\/\/www.ako-airoe.de\/wp-content\/uploads\/2025\/11\/2025_10_19_Ehrenmitglieder_aktiv-1536x952.jpg 1536w, http:\/\/www.ako-airoe.de\/wp-content\/uploads\/2025\/11\/2025_10_19_Ehrenmitglieder_aktiv-2048x1269.jpg 2048w\" sizes=\"(max-width: 402px) 100vw, 402px\" \/><\/figure>\n\n\n\n<p><\/p>\n\n\n\n<p>Zum Abschluss des Nachmittages gestaltete musikalisch das Hauptorchester mit den AKO-SoundScouts unter der Leitung von Mario Nortmann.<\/p>\n","protected":false},"excerpt":{"rendered":"<p>Im Oktober 2025 fand beim Akkordeonorchester Aichhalden-R\u00f6tenberg der Ehrungs-und St\u00e4ndlenachmittag in der Festhalle in R\u00f6tenberg statt. Ca. 50 Mitglieder sind der Einladung gefolgt um gemeinsam einen interessanten und erlebnisreichen Nachmittag bei Kaffee und Kuchen sowie musikalischer Unterhaltung der AKO-Kids, AKO-SoundScouts und dem Hauptorchester unter der Leitung von Mario Nortmann zu verbringen. Die Geburtstagsjubilare durften in [&hellip;]<\/p>\n","protected":false},"author":43,"featured_media":0,"comment_status":"open","ping_status":"closed","sticky":false,"template":"","format":"standard","meta":[],"categories":[1],"tags":[],"_links":{"self":[{"href":"http:\/\/www.ako-airoe.de\/index.php?rest_route=\/wp\/v2\/posts\/5076"}],"collection":[{"href":"http:\/\/www.ako-airoe.de\/index.php?rest_route=\/wp\/v2\/posts"}],"about":[{"href":"http:\/\/www.ako-airoe.de\/index.php?rest_route=\/wp\/v2\/types\/post"}],"author":[{"embeddable":true,"href":"http:\/\/www.ako-airoe.de\/index.php?rest_route=\/wp\/v2\/users\/43"}],"replies":[{"embeddable":true,"href":"http:\/\/www.ako-airoe.de\/index.php?rest_route=%2Fwp%2Fv2%2Fcomments&post=5076"}],"version-history":[{"count":4,"href":"http:\/\/www.ako-airoe.de\/index.php?rest_route=\/wp\/v2\/posts\/5076\/revisions"}],"predecessor-version":[{"id":5089,"href":"http:\/\/www.ako-airoe.de\/index.php?rest_route=\/wp\/v2\/posts\/5076\/revisions\/5089"}],"wp:attachment":[{"href":"http:\/\/www.ako-airoe.de\/index.php?rest_route=%2Fwp%2Fv2%2Fmedia&parent=5076"}],"wp:term":[{"taxonomy":"category","embeddable":true,"href":"http:\/\/www.ako-airoe.de\/index.php?rest_route=%2Fwp%2Fv2%2Fcategories&post=5076"},{"taxonomy":"post_tag","embeddable":true,"href":"http:\/\/www.ako-airoe.de\/index.php?rest_route=%2Fwp%2Fv2%2Ftags&post=5076"}],"curies":[{"name":"wp","href":"https:\/\/api.w.org\/{rel}","templated":true}]}}